[{"@context":"https:\/\/schema.org\/","@type":"Article","@id":"https:\/\/www.n-joy.cz\/obal-na-ipad\/#Article","mainEntityOfPage":"https:\/\/www.n-joy.cz\/obal-na-ipad\/","headline":"Obal na iPad","name":"Obal na iPad","description":"\u0158eknu v\u00e1m, \u017ee bez mobiln\u00edho telefonu bych se u\u017e v\u016fbec neode\u0161la. V posledn\u00ed dob\u011b tak\u00e9 \u010dasto pracuji na home office, tak\u017ee m\u00e1m nov\u00fd po\u010d\u00edta\u010d a tak\u00e9 jsem si po\u0159\u00eddila kvalitn\u00ed iPad. Kvalitn\u00ed pouzdra, kryty a obaly na Apple iPad pro 13 (2024) s \u010dipem M4 se v\u00e1m budou hodit. Proto\u017ee tyto obaly anebo pouzdra jsou [&hellip;]","datePublished":"2024-05-27","dateModified":"2024-06-28","author":{"@type":"Person","@id":"https:\/\/www.n-joy.cz\/author\/devene\/#Person","name":"devene","url":"https:\/\/www.n-joy.cz\/author\/devene\/","identifier":1,"image":{"@type":"ImageObject","@id":"https:\/\/secure.gravatar.com\/avatar\/091b4d684e9af597ec9885a078917281e353fb1084ff05c94355123dbb14e899?s=96&d=mm&r=g","url":"https:\/\/secure.gravatar.com\/avatar\/091b4d684e9af597ec9885a078917281e353fb1084ff05c94355123dbb14e899?s=96&d=mm&r=g","height":96,"width":96}},"publisher":{"@type":"Organization","name":"n-joy.cz","logo":{"@type":"ImageObject","@id":"\/logo.png","url":"\/logo.png","width":600,"height":60}},"image":{"@type":"ImageObject","@id":"https:\/\/www.n-joy.cz\/wp-content\/uploads\/tablet-1137688_1280.jpg","url":"https:\/\/www.n-joy.cz\/wp-content\/uploads\/tablet-1137688_1280.jpg","height":0,"width":0},"url":"https:\/\/www.n-joy.cz\/obal-na-ipad\/","about":["Zbo\u017e\u00ed"],"wordCount":416,"articleBody":"            \u0158eknu v\u00e1m, \u017ee bez mobiln\u00edho telefonu bych se u\u017e v\u016fbec neode\u0161la. V posledn\u00ed dob\u011b tak\u00e9 \u010dasto pracuji na home office, tak\u017ee m\u00e1m nov\u00fd po\u010d\u00edta\u010d a tak\u00e9 jsem si po\u0159\u00eddila kvalitn\u00ed iPad. Kvalitn\u00ed pouzdra, kryty a obaly na Apple iPad pro 13 (2024) s \u010dipem M4 se v\u00e1m budou hodit. Proto\u017ee tyto obaly anebo pouzdra jsou opravdu z kvalitn\u00edho materi\u00e1lu a tak\u00e9 v\u00e1m pomohou ochr\u00e1nit v\u00e1\u0161 iPad. M\u016f\u017eete si tak\u00e9 po\u0159\u00eddit obal na mobiln\u00ed telefon. Pokud hled\u00e1te n\u011bjak\u00e9 kvalitn\u00ed pouzdro na iPad pro 13 s \u010dipem M4, tak se v prvn\u00ed \u0159ad\u011b pod\u00edvejte na webov\u00e9 str\u00e1nky imore.cz. Mezi r\u016fzn\u00fdmi kategoriemi, jako jsou pouzdra nebo kryty a obaly, tak tam najdete tolik obal\u016f a kryt\u016f, o kter\u00fdch se v\u00e1m ani nesnilo.   Podle m\u00e9ho n\u00e1zoru si tady ur\u010dit\u011b ka\u017ed\u00fd \u010dlov\u011bk vybere. J\u00e1 si mysl\u00edm, \u017ee i kdyby t\u0159eba nem\u011bli n\u011bkolik v\u011bc\u00ed skladem, tak podle m\u00e9ho n\u00e1zoru neud\u011bl\u00e1te chybu, kdy\u017e si objedn\u00e1te jeden anebo dva obaly a kryty na v\u00e1\u0161 iPad Apple, proto\u017ee nikdy nev\u00edte, co se m\u016f\u017ee st\u00e1t. T\u0159eba v\u00e1m m\u016f\u017ee v\u00e1\u0161 Apple iPad spadnout na zem a vy potom budete litovat toho, \u017ee jste si nekoupili alespo\u0148 n\u011bjak\u00fd obal. Samoz\u0159ejm\u011b, \u017ee tady na tomto webu u\u017e v\u017edycky v\u0161echno \u010dasto dosklad\u0148uj\u00ed, tak\u017ee potom budete m\u00edt jistotu, \u017ee je v\u00e1\u0161 obl\u00edben\u00fd obal anebo pouzdro \u010di kryt, kter\u00fd jste m\u011bli vybran\u00fd, tak bude zase brzy na sklad\u011b.   Nebojte se, \u017ee byste tak\u00e9 utratili moc pen\u011bz za obal na v\u00e1\u0161 Apple iPad pro 13 s \u010dipem M4. Proto\u017ee pokud budete v\u011bd\u011bt, jak na to, tak tak\u00e9 m\u016f\u017eete ochr\u00e1nit sv\u016fj iPad. J\u00e1 sama tak\u00e9 bez iPadu u\u017e ned\u00e1m ani r\u00e1nu. Takhle d\u00edky tomu, \u017ee je velice praktick\u00fd a p\u0159enosn\u00fd, tak na n\u011bm pracuji, jak v autobusu, tak ve vlaku anebo tak\u00e9 n\u011bkde, kdy\u017e \u010dek\u00e1m t\u0159eba v \u010dek\u00e1rn\u011b u l\u00e9ka\u0159e a podobn\u011b. Dokonce i m\u016fj mal\u00fd syn u\u017e sn\u00ed o Apple iPad. Proto\u017ee \u0159\u00edk\u00e1, \u017ee ho m\u00e1 tak\u00e9 jeho kamar\u00e1d a \u017ee s n\u00edm je velice spokojen\u00fd. Synovi je dev\u011bt let a mysl\u00edm si, \u017ee u\u017e je tak\u00e9 \u010das na to, aby m\u011bl vlastn\u00ed iPad od Apple.                                                                                                                                                                                                                                                                                                                                                                                                   "},{"@context":"https:\/\/schema.org\/","@type":"BreadcrumbList","itemListElement":[{"@type":"ListItem","position":1,"name":"Obal na iPad","item":"https:\/\/www.n-joy.cz\/obal-na-ipad\/#breadcrumbitem"}]}]