[{"@context":"https:\/\/schema.org\/","@type":"Article","@id":"https:\/\/www.n-joy.cz\/krizem-krazem-italii-aneb-nevynechejte-rim-a-benatky\/#Article","mainEntityOfPage":"https:\/\/www.n-joy.cz\/krizem-krazem-italii-aneb-nevynechejte-rim-a-benatky\/","headline":"K\u0159\u00ed\u017eem kr\u00e1\u017eem It\u00e1li\u00ed aneb nevynechejte \u0158\u00edm a Ben\u00e1tky","name":"K\u0159\u00ed\u017eem kr\u00e1\u017eem It\u00e1li\u00ed aneb nevynechejte \u0158\u00edm a Ben\u00e1tky","description":"Nav\u0161t\u00edvit Apeninsk\u00fd poloostrov znamen\u00e1 procestovat co nejv\u00edce zaj\u00edmav\u00fdch m\u00edst, \u017ee? Na tom se jist\u011b shodneme, a proto by nebylo radno omezovat se pouze na jedin\u00fd region. Ka\u017ed\u00fd z italsk\u00fdch kraj\u016f m\u00e1 co nab\u00eddnout, a\u0165 u\u017e za\u010dneme v Udine, Mil\u00e1n\u011b nebo Ben\u00e1tk\u00e1ch a postupn\u011b se dostaneme do Florencie, \u0158\u00edma, Neapole a\u017e \u00fapln\u011b na jih, do Kal\u00e1brie [&hellip;]","datePublished":"2020-09-24","dateModified":"2024-06-28","author":{"@type":"Person","@id":"https:\/\/www.n-joy.cz\/author\/devene\/#Person","name":"devene","url":"https:\/\/www.n-joy.cz\/author\/devene\/","identifier":1,"image":{"@type":"ImageObject","@id":"https:\/\/secure.gravatar.com\/avatar\/091b4d684e9af597ec9885a078917281e353fb1084ff05c94355123dbb14e899?s=96&d=mm&r=g","url":"https:\/\/secure.gravatar.com\/avatar\/091b4d684e9af597ec9885a078917281e353fb1084ff05c94355123dbb14e899?s=96&d=mm&r=g","height":96,"width":96}},"publisher":{"@type":"Organization","name":"n-joy.cz","logo":{"@type":"ImageObject","@id":"\/logo.png","url":"\/logo.png","width":600,"height":60}},"image":{"@type":"ImageObject","@id":"https:\/\/www.n-joy.cz\/wp-content\/uploads\/img_a387252_w3368_t1600677765.jpg","url":"https:\/\/www.n-joy.cz\/wp-content\/uploads\/img_a387252_w3368_t1600677765.jpg","height":0,"width":0},"url":"https:\/\/www.n-joy.cz\/krizem-krazem-italii-aneb-nevynechejte-rim-a-benatky\/","about":["Cestov\u00e1n\u00ed"],"wordCount":385,"articleBody":"                              Nav\u0161t\u00edvit Apeninsk\u00fd poloostrov znamen\u00e1 procestovat co nejv\u00edce zaj\u00edmav\u00fdch m\u00edst, \u017ee? Na tom se jist\u011b shodneme, a proto by nebylo radno omezovat se pouze na jedin\u00fd region. Ka\u017ed\u00fd z italsk\u00fdch kraj\u016f m\u00e1 co nab\u00eddnout, a\u0165 u\u017e za\u010dneme v Udine, Mil\u00e1n\u011b nebo Ben\u00e1tk\u00e1ch a postupn\u011b se dostaneme do Florencie, \u0158\u00edma, Neapole a\u017e \u00fapln\u011b na jih, do Kal\u00e1brie a na Sic\u00edlii. P\u0159ipome\u0148me si tedy dvojici t\u011bch nejatraktivn\u011bj\u0161\u00edch m\u011bst, nebo\u0165 It\u00e1lie kdysi vl\u00e1dla sv\u011btu \u2013 a byla opravdovou n\u00e1mo\u0159n\u00ed velmoc\u00ed.   \u0158\u00edmsk\u00e9 pam\u00e1tky snad ani net\u0159eba p\u0159edstavovat Antika a jej\u00ed milovn\u00edci dob\u0159e v\u011bd\u00ed, stejn\u011b tak obdivovatel\u00e9 sakr\u00e1ln\u00edch skvost\u016f st\u0159edov\u011bk\u00e9 It\u00e1lie. Jist\u011b, \u0158\u00edm je kol\u00e9bkou um\u011bn\u00ed, ale tak\u00e9 civilizace v podob\u011b, kterou dnes zn\u00e1me. Byl dlouh\u00e1 stalet\u00ed doslova a do p\u00edsmene pupkem sv\u011bta, ud\u00e1val tempo i za \u010das\u016f pape\u017e\u016f. Dva a p\u016fl tis\u00edce k\u0159es\u0165ansk\u00fdch kostel\u016f, p\u0159esn\u011b t\u00edmto \u010d\u00edslem se py\u0161n\u00ed modern\u00ed \u0158\u00edm \u2013 ale bohu\u017eel, turisticky skute\u010dn\u011b atraktivn\u00edch je jen na t\u0159i sta z nich a mnoh\u00e9 jsou nep\u0159\u00edstupn\u00e9 ve\u0159ejnosti. Do Pantheonu v\u0161ak m\u016f\u017eete a k proch\u00e1zce l\u00e1k\u00e1 t\u0159eba i Forum Romanum, And\u011blsk\u00fd hrad a Traj\u00e1n\u016fv sloup, t\u00edm se dost\u00e1v\u00e1me zat\u00edm jen do mal\u00e9 \u010d\u00e1sti \u0158\u00edma. Kam vyraz\u00edte d\u00e1l, je u\u017e vlastn\u011b jen na v\u00e1s, mo\u017enost\u00ed je tolik, \u017ee na \u0158\u00edm jeden den sta\u010dit asi nebude.  It\u00e1lie je ale i o Ben\u00e1tk\u00e1ch, m\u011bst\u011b, kter\u00e9 doslova a do p\u00edsmene stoj\u00ed na vod\u011b a je v posledn\u00ed dek\u00e1d\u011b mimo\u0159\u00e1dn\u011b obl\u00edben\u00e9 i u \u010desk\u00fdch turist\u016f. Galerie, pal\u00e1ce, ale i vodn\u00ed parn\u00edky, na kter\u00fdch se p\u0159eprav\u00edte na jednotliv\u00e1 zaj\u00edmav\u00e1 m\u00edsta. Klasika, Ben\u00e1tky a doprava, tohle t\u00e9ma se zajist\u00e9 neobejde bez lodi\u010dek a lod\u00ed. Renesance a gotika v jednom, bazilika svat\u00e9ho Marka i pal\u00e1c, z n\u011bj\u017e vl\u00e1dla \u0161irok\u00e9 okoln\u00ed oblasti proslul\u00e1 d\u00f3\u017eata. Nenechte si uj\u00edt zaj\u00edmav\u00e1 m\u00edsta nap\u0159\u00ed\u010d It\u00e1li\u00ed, nevynechejte ani Florencii a dal\u0161\u00ed kr\u00e1sy.                                                                                                                                                                                                                                                                                                                                                                                                  "},{"@context":"https:\/\/schema.org\/","@type":"BreadcrumbList","itemListElement":[{"@type":"ListItem","position":1,"name":"K\u0159\u00ed\u017eem kr\u00e1\u017eem It\u00e1li\u00ed aneb nevynechejte \u0158\u00edm a Ben\u00e1tky","item":"https:\/\/www.n-joy.cz\/krizem-krazem-italii-aneb-nevynechejte-rim-a-benatky\/#breadcrumbitem"}]}]