[{"@context":"https:\/\/schema.org\/","@type":"Article","@id":"https:\/\/www.n-joy.cz\/dum-plny-radosti-a-stesti\/#Article","mainEntityOfPage":"https:\/\/www.n-joy.cz\/dum-plny-radosti-a-stesti\/","headline":"D\u016fm pln\u00fd radosti a \u0161t\u011bst\u00ed","name":"D\u016fm pln\u00fd radosti a \u0161t\u011bst\u00ed","description":"Domov se zvl\u00e1\u0161tn\u00edm re\u017eimem nen\u00ed m\u00edsto, kde bychom n\u011bkoho v\u011bznili, ba pr\u00e1v\u011b naopak. Zde se sna\u017e\u00edme v ka\u017ed\u00e9m ohledu lidem pom\u00e1hat. Praha Pr\u0161ely je m\u00edsto, kter\u00e9 provozuje neziskov\u00e1 organizace. Projekt je zam\u011b\u0159en\u00fd pro lidi s probl\u00e9my. V\u011bt\u0161inou se jedn\u00e1 o probl\u00e9my s Alzheimerovou chorobou, sta\u0159eckou demenc\u00ed nebo s ostatn\u00edmi typy demenc\u00ed. \u00b7 Poskytujeme pobyt pro [&hellip;]","datePublished":"2017-10-15","dateModified":"2017-10-15","author":{"@type":"Person","@id":"https:\/\/www.n-joy.cz\/author\/devene\/#Person","name":"devene","url":"https:\/\/www.n-joy.cz\/author\/devene\/","identifier":1,"image":{"@type":"ImageObject","@id":"https:\/\/secure.gravatar.com\/avatar\/091b4d684e9af597ec9885a078917281e353fb1084ff05c94355123dbb14e899?s=96&d=mm&r=g","url":"https:\/\/secure.gravatar.com\/avatar\/091b4d684e9af597ec9885a078917281e353fb1084ff05c94355123dbb14e899?s=96&d=mm&r=g","height":96,"width":96}},"publisher":{"@type":"Organization","name":"n-joy.cz","logo":{"@type":"ImageObject","@id":"\/logo.png","url":"\/logo.png","width":600,"height":60}},"image":{"@type":"ImageObject","@id":"https:\/\/www.n-joy.cz\/wp-content\/uploads\/img_a301122_w2195_t1511258177.jpg","url":"https:\/\/www.n-joy.cz\/wp-content\/uploads\/img_a301122_w2195_t1511258177.jpg","height":0,"width":0},"url":"https:\/\/www.n-joy.cz\/dum-plny-radosti-a-stesti\/","about":["Bydlen\u00ed"],"wordCount":471,"articleBody":"Domov se zvl\u00e1\u0161tn\u00edm re\u017eimem nen\u00ed m\u00edsto, kde bychom n\u011bkoho v\u011bznili, ba pr\u00e1v\u011b naopak. Zde se sna\u017e\u00edme v ka\u017ed\u00e9m ohledu lidem pom\u00e1hat. Praha Pr\u0161ely je m\u00edsto, kter\u00e9 provozuje neziskov\u00e1 organizace. Projekt je zam\u011b\u0159en\u00fd pro lidi s probl\u00e9my. V\u011bt\u0161inou se jedn\u00e1 o probl\u00e9my s Alzheimerovou chorobou, sta\u0159eckou demenc\u00ed nebo s ostatn\u00edmi typy demenc\u00ed. \u00b7 Poskytujeme pobyt pro lidi, kte\u0159\u00ed maj\u00ed n\u011bjak\u00e9 onemocn\u011bn\u00ed a maj\u00ed probl\u00e9m se sv\u00fdm \u017eivotem. \u010casto se o sebe tito lid\u00e9 nedok\u00e1\u017eou starat a proto je zde n\u00e1\u0161 domov. Alzheimerova choroba je pro lidi p\u0159\u00edt\u011b\u017e\u00ed  Nejenom pro lidi, kte\u0159\u00ed t\u00edmto onemocn\u011bn\u00edm trp\u00ed, ale tak\u00e9 \u010dasto pro bl\u00edzkou rodinu, proto\u017ee takov\u00fdto \u010dlov\u011bk mnohdy pot\u0159ebuje 24 hodinovou p\u00e9\u010di. To je probl\u00e9m pro nejbli\u017e\u0161\u00ed rodinu, proto\u017ee starat se o takto posti\u017een\u00e9ho \u010dlov\u011bka nen\u00ed legrace a v\u011bt\u0161inou nem\u016f\u017eeme ve\u0161ker\u00fd \u010das ob\u011btovat, abychom mohli pe\u010dovat o na\u0161eho bl\u00edzk\u00e9ho, by\u0165 bychom cht\u011bli a byli bychom ochotn\u00ed. Proto jsme zde my s na\u0161\u00edm posl\u00e1n\u00edm a sna\u017e\u00edme se zp\u0159\u00edjemnit \u017eivot podobn\u00fdm lidem. Rodinn\u00e9 z\u00e1zem\u00ed U n\u00e1s najdou tito lid\u00e9 rodinn\u00e9 z\u00e1zem\u00ed, klid a pohodu a p\u0159itom spoustu zaj\u00edmav\u00fdch aktivit. Poskytujeme kvalitn\u00ed p\u00e9\u010di, kter\u00e1 je zam\u011b\u0159ena individu\u00e1ln\u011b. Slu\u017ebu poskytujeme lidem, kte\u0159\u00ed pot\u0159ebuj\u00ed pomoc druh\u00e9 osoby. Je zam\u011b\u0159ena na lidi, kte\u0159\u00ed si sami nedok\u00e1\u017eou v b\u011b\u017en\u00fdch denn\u00edch povinnostech poradit. Cel\u00e9 za\u0159\u00edzen\u00ed je zam\u011b\u0159eno na dom\u00e1c\u00ed p\u00e9\u010di. Poskytujeme p\u0159\u00edjemn\u00e9 a \u00fatuln\u00e9 prost\u0159ed\u00ed, ve kter\u00e9m se pacienti c\u00edt\u00ed jako doma. To je na\u0161im hlavn\u00edm \u00fakolem a tak\u00e9 na\u0161\u00ed hlavn\u00ed prioritou. Dop\u0159\u00e1t lidem pocit, \u017ee jsou doma. Tam, kde je v\u0161ichni maj\u00ed r\u00e1di, tam, kde se jim dost\u00e1v\u00e1 pozornosti a p\u0159\u00edv\u011btiv\u00e9ho, v\u0159el\u00e9ho pocitu. \u00b7 Sn\u00ed\u017een\u00e1 sob\u011bsta\u010dnost z d\u016fvodu onemocn\u011bn\u00ed mnohdy vede k situaci, kdy tento \u010dlov\u011bk pot\u0159ebuje pravidelnou pomoc jin\u00e9 fyzick\u00e9 osoby.  Sna\u017e\u00edme se zachovat nebo zlep\u0161it kondici na\u0161ich klient\u016f. Zaji\u0161\u0165ujeme bezpe\u010dn\u00e9 prost\u0159ed\u00ed. Poskytujeme pot\u0159ebnou zdravotnickou p\u00e9\u010di a nech\u00e1v\u00e1me voln\u011b a p\u0159irozen\u011b rozv\u00edjet p\u0159\u00e1telsk\u00e9 vztahy. Co nejv\u00edce se sna\u017e\u00edme p\u0159izp\u016fsobit pobyt v na\u0161em za\u0159\u00edzen\u00ed b\u011b\u017en\u00e9mu a p\u0159irozen\u00e9mu prost\u0159ed\u00ed. P\u0159ejeme si, aby se u n\u00e1s klienti c\u00edtili tak, jako kdyby v\u016fbec v n\u011bjak\u00e9m n\u00e1hradn\u00edm za\u0159\u00edzen\u00ed nebyli, ale aby se c\u00edtili dob\u0159e a p\u0159\u00edjemn\u011b, jako kdyby \u017eili doma se sv\u00fdmi bl\u00edzk\u00fdmi.                                                                                                                                                                                                                                                                                                                                                                                                  "},{"@context":"https:\/\/schema.org\/","@type":"BreadcrumbList","itemListElement":[{"@type":"ListItem","position":1,"name":"D\u016fm pln\u00fd radosti a \u0161t\u011bst\u00ed","item":"https:\/\/www.n-joy.cz\/dum-plny-radosti-a-stesti\/#breadcrumbitem"}]}]