[{"@context":"https:\/\/schema.org\/","@type":"Article","@id":"https:\/\/www.n-joy.cz\/cestovani-s-otevrenyma-ocima\/#Article","mainEntityOfPage":"https:\/\/www.n-joy.cz\/cestovani-s-otevrenyma-ocima\/","headline":"Cestov\u00e1n\u00ed s otev\u0159en\u00fdma o\u010dima","name":"Cestov\u00e1n\u00ed s otev\u0159en\u00fdma o\u010dima","description":"Ka\u017ed\u00fd cestovatel m\u00e1 ur\u010dit\u00e9 destinace, kter\u00fdm by se cht\u011bl v\u011bnovat, a kter\u00e9 by cht\u011bl prozkoumat. N\u011bkdo se chce vydat do zem\u00ed, kter\u00e9 utrp\u011bly v\u00e1lkou \u010di st\u00e1le trp\u00ed jej\u00edmi n\u00e1sledky. Je toti\u017e velk\u00fd rozd\u00edl o situaci jen \u010d\u00edst nebo vid\u011bt n\u011bjak\u00fd dokument v televizi, a opravdu se do takov\u00e9 oblasti vypravit. Cestovatel si p\u0159iveze nezapomenuteln\u00e9 z\u00e1\u017eitky, [&hellip;]","datePublished":"2019-10-18","dateModified":"2024-06-28","author":{"@type":"Person","@id":"https:\/\/www.n-joy.cz\/author\/devene\/#Person","name":"devene","url":"https:\/\/www.n-joy.cz\/author\/devene\/","identifier":1,"image":{"@type":"ImageObject","@id":"https:\/\/secure.gravatar.com\/avatar\/091b4d684e9af597ec9885a078917281e353fb1084ff05c94355123dbb14e899?s=96&d=mm&r=g","url":"https:\/\/secure.gravatar.com\/avatar\/091b4d684e9af597ec9885a078917281e353fb1084ff05c94355123dbb14e899?s=96&d=mm&r=g","height":96,"width":96}},"publisher":{"@type":"Organization","name":"n-joy.cz","logo":{"@type":"ImageObject","@id":"\/logo.png","url":"\/logo.png","width":600,"height":60}},"image":{"@type":"ImageObject","@id":"https:\/\/www.n-joy.cz\/wp-content\/uploads\/img_a356782_w3368_t1571392842.png","url":"https:\/\/www.n-joy.cz\/wp-content\/uploads\/img_a356782_w3368_t1571392842.png","height":0,"width":0},"url":"https:\/\/www.n-joy.cz\/cestovani-s-otevrenyma-ocima\/","about":["Cestov\u00e1n\u00ed"],"wordCount":453,"articleBody":"                              Ka\u017ed\u00fd cestovatel m\u00e1 ur\u010dit\u00e9 destinace, kter\u00fdm by se cht\u011bl v\u011bnovat, a kter\u00e9 by cht\u011bl prozkoumat. N\u011bkdo se chce vydat do zem\u00ed, kter\u00e9 utrp\u011bly v\u00e1lkou \u010di st\u00e1le trp\u00ed jej\u00edmi n\u00e1sledky. Je toti\u017e velk\u00fd rozd\u00edl o situaci jen \u010d\u00edst nebo vid\u011bt n\u011bjak\u00fd dokument v televizi, a opravdu se do takov\u00e9 oblasti vypravit. Cestovatel si p\u0159iveze nezapomenuteln\u00e9 z\u00e1\u017eitky, a mnoz\u00ed lid\u00e9 si uv\u011bdom\u00ed, \u017ee je t\u0159eba otev\u0159\u00edt o\u010di a vn\u00edmat p\u0159\u00edb\u011bhy, kter\u00e9 tyto oblasti vypr\u00e1v\u00ed.  Ir\u00e1ck\u00fd Kurdist\u00e1n Mnoho lid\u00ed si vlastn\u011b ani neum\u00ed p\u0159edstavit ten pocit, kdy \u010dlov\u011bk opravdu stoj\u00ed v ulic\u00edch poni\u010den\u00fdch v\u00e1lkou, b\u011b\u017en\u011b maj\u00ed lid\u00e9 strach jet do takov\u00e9 oblasti kv\u016fli bezpe\u010dnosti. Pr\u00e1v\u011b Ir\u00e1ck\u00fd Kurdist\u00e1n si ov\u0161em d\u00e1v\u00e1 na bezpe\u010dnosti z\u00e1le\u017eet, a je hodn\u011b patrn\u00e1 na silnic\u00edch. Na frekventovan\u00fdch cest\u00e1ch prob\u00edhaj\u00ed kontroly v jednotliv\u00fdch kontroln\u00edch bodech, kde voj\u00e1ci v\u017edy zkontroluj\u00ed cestuj\u00edc\u00ed i vozidla. I p\u0159esto\u017ee si tato oblast pro\u0161la bombardov\u00e1n\u00edm a museli se zde br\u00e1nit \u00fatok\u016fm ze strany Isl\u00e1msk\u00e9ho st\u00e1tu, d\u00edky tvrd\u00e9 pr\u00e1ci voj\u00e1k\u016f se bojovn\u00edci IS nedostali do vnitrozem\u00ed. P\u0159\u00edb\u011bh Ir\u00e1ck\u00e9ho Kurdist\u00e1nu je opravdu slo\u017eit\u00fd, a\u0165 u\u017e se jedn\u00e1 o cestov\u00e1n\u00ed \u2013 s ir\u00e1ck\u00fdm pasem toti\u017e nen\u00ed cestuj\u00edc\u00ed p\u0159\u00edli\u0161 d\u016fv\u011bryhodnou osobou a mus\u00ed prakticky v\u0161ude \u017e\u00e1dat o v\u00edza; o p\u0159\u00edstup ze strany ostatn\u00edch st\u00e1t\u016f \u010di o ned\u00e1vnou historii n\u00e1roda t\u00fdkaj\u00edc\u00ed se\u00edr\u00e1nsko-ir\u00e1ck\u00e9 v\u00e1lky, kter\u00e1 je poznamenala v mnoha ohledech. Pr\u00e1v\u011b Ir\u00e1ck\u00fd Kurdist\u00e1n p\u00ed\u0161e mnoho zaj\u00edmav\u00fdch p\u0159\u00edb\u011bh\u016f a post\u0159eh\u016f.   Pa\u0159\u00ed\u017e arabsk\u00e9ho sv\u011bta \u2013 Bejr\u00fat Samotn\u00fd Bejr\u00fat p\u0159in\u00e1\u0161\u00ed mnoho p\u0159\u00edb\u011bh\u016f, jeliko\u017e se jedn\u00e1 o m\u011bsto, kter\u00e9 bylo roky ozna\u010dov\u00e1no jako Pa\u0159\u00ed\u017e arabsk\u00e9ho sv\u011bta. Co p\u0159esn\u011b se zm\u011bnilo? Ob\u010dansk\u00e1 v\u00e1lka a okupace Izraelem i S\u00fdri\u00ed p\u0159inesly bohu\u017eel m\u011bstu znateln\u00e9 \u0161r\u00e1my. I tak je v dne\u0161n\u00ed dob\u011b Bejr\u00fat m\u00edstem na St\u0159edn\u00edm v\u00fdchod\u011b, kde spole\u010dn\u011b \u017eij\u00ed k\u0159es\u0165an\u00e9 i muslimov\u00e9. Jak spolu dok\u00e1\u017e\u00ed \u017e\u00edt lid\u00e9 vyzn\u00e1vaj\u00edc\u00ed r\u016fzn\u00e9 n\u00e1bo\u017eenstv\u00ed v jednom m\u011bst\u011b, jak vypad\u00e1 rozd\u011blen\u00e9 m\u011bsto, a to jak po n\u00e1bo\u017eensk\u00e9, tak i po kulturn\u00ed str\u00e1nce? Poutav\u00fd \u010dl\u00e1nek o m\u011bst\u011b, lidech i sp\u00edc\u00ed hrozb\u011b vysv\u011btl\u00ed mnoh\u00e9.                                                                                                                                                                                                                                                                                                                                                                                                  "},{"@context":"https:\/\/schema.org\/","@type":"BreadcrumbList","itemListElement":[{"@type":"ListItem","position":1,"name":"Cestov\u00e1n\u00ed s otev\u0159en\u00fdma o\u010dima","item":"https:\/\/www.n-joy.cz\/cestovani-s-otevrenyma-ocima\/#breadcrumbitem"}]}]